[{"@context":"https:\/\/schema.org\/","@type":"Article","@id":"https:\/\/www.jasama.cz\/i-v-zime-muzete-chodit-zensky-oblekana\/#Article","mainEntityOfPage":"https:\/\/www.jasama.cz\/i-v-zime-muzete-chodit-zensky-oblekana\/","headline":"I v zim\u011b m\u016f\u017eete chodit \u017eensky obl\u00e9kan\u00e1","name":"I v zim\u011b m\u016f\u017eete chodit \u017eensky obl\u00e9kan\u00e1","description":"S&nbsp;chladn\u011bj\u0161\u00edm po\u010das\u00edm odkl\u00e1d\u00e1me sv\u00e9 obl\u00edben\u00e9 letn\u00ed kousky do sk\u0159\u00edn\u011b a vytahujeme svetry, kab\u00e1ty a dlouh\u00e9 kalhoty. Ale co to letos [&hellip;]","datePublished":"2019-11-20","dateModified":"2023-06-08","author":{"@type":"Person","@id":"https:\/\/www.jasama.cz\/author\/#Person","name":"","url":"https:\/\/www.jasama.cz\/author\/","identifier":1,"image":{"@type":"ImageObject","@id":"https:\/\/secure.gravatar.com\/avatar\/87132efef9f5972c3e770e1fb0907fb3dcc1311f82da5f30bffbae0bd81cf8c0?s=96&d=mm&r=g","url":"https:\/\/secure.gravatar.com\/avatar\/87132efef9f5972c3e770e1fb0907fb3dcc1311f82da5f30bffbae0bd81cf8c0?s=96&d=mm&r=g","height":96,"width":96}},"publisher":{"@type":"Organization","name":"jasama.cz","logo":{"@type":"ImageObject","@id":"\/logo.png","url":"\/logo.png","width":600,"height":60}},"image":{"@type":"ImageObject","@id":"https:\/\/www.jasama.cz\/wp-content\/uploads\/img_a361681_w3785_t1574866798.jpg","url":"https:\/\/www.jasama.cz\/wp-content\/uploads\/img_a361681_w3785_t1574866798.jpg","height":0,"width":0},"url":"https:\/\/www.jasama.cz\/i-v-zime-muzete-chodit-zensky-oblekana\/","about":["M\u00f3da"],"wordCount":495,"articleBody":"S&nbsp;chladn\u011bj\u0161\u00edm po\u010das\u00edm odkl\u00e1d\u00e1me sv\u00e9 obl\u00edben\u00e9 letn\u00ed kousky do sk\u0159\u00edn\u011b a vytahujeme svetry, kab\u00e1ty a dlouh\u00e9 kalhoty. Ale co to letos zkusit tro\u0161ku jinak? Ani b\u011bhem podzimn\u00edch pl\u00edskanic a prvn\u00edch mraz\u00edk\u016f se nemus\u00edte vzd\u00e1vat sv\u00fdch obl\u00edben\u00fdch \u0161at\u016f nebo sukn\u00ed. Jen si mus\u00edte um\u011bt \u0161ikovn\u011b vybrat. Aby v\u00e1m nebyla zima, nau\u010dte se nosit pleten\u00e9 nebo \u00fapletov\u00e9 \u0161aty a chyt\u0159e je dopl\u0148te o stylov\u00e9 pun\u010doch\u00e1\u010de. Pr\u00e1v\u011b tyhle dv\u011b v\u011bci jsou aktu\u00e1ln\u011b nejv\u00edce v&nbsp;m\u00f3d\u011b a v&nbsp;ulic\u00edch v&nbsp;nich zaz\u00e1\u0159\u00edte. Skv\u011bl\u00e9 je, \u017ee \u0161ikovnou kombinaci t\u011bchto dvou kousk\u016f m\u016f\u017eete obl\u00e9knout skute\u010dn\u011b kamkoliv, a\u0165 u\u017e do pr\u00e1ce, na sch\u016fzku, na pracovn\u00ed ve\u010de\u0159i nebo jen, kdy\u017e si vyraz\u00edte s&nbsp;kamar\u00e1dkou do kina.\tJak\u00e9 \u0161aty zvolit?Pleten\u00e9 nebo \u00fapletov\u00e9 \u0161aty vyb\u00edrejte v\u017edy z&nbsp;t\u011bch kvalitn\u011bj\u0161\u00edch materi\u00e1l\u016f. Ty se v\u00e1m toti\u017e jen tak nevytahaj\u00ed, budou dr\u017eet sv\u016fj tvar a barvu. Nebojte se zainvestovat do jednoho kousku a potom si u\u017e jen \u0161ikovn\u011b pohrajte s&nbsp;detaily a dopl\u0148ky. Pr\u00e1v\u011b se nos\u00ed zejm\u00e9na zelen\u00e9 odst\u00edny, v\u0161echny odst\u00edny fialov\u00e9 a tak\u00e9 klasick\u00e9 barvy jak\u00fdmi jsou b\u00edl\u00e1, \u010dern\u00e1, b\u00e9\u017eov\u00e1 a samoz\u0159ejm\u011b \u0161ed\u00e1. Je jenom na v\u00e1s, \u010demu d\u00e1v\u00e1te p\u0159ednost. Pleten\u00e9 \u0161aty v&nbsp;neutr\u00e1ln\u00ed barv\u011b se v\u00e1m ale budou mnohem l\u00e9pe kombinovat a alespo\u0148 m\u016f\u017eete popustit uzdu sv\u00e9 fantazii p\u0159i v\u00fdb\u011bru pun\u010doch\u00e1\u010d\u016f. A pr\u00e1v\u011b ty by te\u010f m\u011bli hr\u00e1t prim ve va\u0161em outfitu.\tPus\u0165te do \u0161atn\u00edku barvy i vzory a nebojte se tohoAno, jsou to pr\u00e1v\u011b pun\u010doch\u00e1\u010de, kter\u00e9 se aktu\u00e1ln\u011b nejv\u00edce nos\u00ed. U\u017e d\u00e1vno zapome\u0148te na klasick\u00e9 \u010dern\u00e9 nebo t\u011blov\u00e9 silonky. Nos\u00ed se v\u0161echny barvy, modr\u00e9, r\u016f\u017eov\u00e9, \u010derven\u00e9, zelen\u00e9, \u017elut\u00e9 nebo fialov\u00e9. Klasick\u00e9 \u010dern\u00e9 pun\u010doch\u00e1\u010de vyb\u00edrejte takov\u00e9, kter\u00e9 maj\u00ed na sob\u011b viditeln\u00e9 a origin\u00e1ln\u00ed vzory. Prou\u017eky, punt\u00edky, \u010dtvere\u010dky, geometrick\u00e9 vzory nebo klidn\u011b v\u00e1no\u010dn\u00ed hv\u011bzdi\u010dky. Uka\u017ete nohy i svou odvahu a nebojte se toho. Pokud obl\u00e9knete v\u00fdrazn\u00e9 pun\u010doch\u00e1\u010de, va\u0161e \u0161aty by m\u011bli b\u00fdt bu\u010f s&nbsp;nimi barevn\u011b slad\u011bn\u00e9, nebo v&nbsp;neutr\u00e1ln\u00edm t\u00f3nu. V&nbsp;tom p\u0159\u00edpad\u011b pak sla\u010fte pun\u010doch\u00e1\u010de s&nbsp;dopl\u0148ky nebo botami. Kolem pasu dejte opasek a zv\u00fdrazn\u011bte tak sv\u00e9 k\u0159ivky. Pokud m\u00e1te to \u0161t\u011bst\u00ed a m\u016f\u017eete se pochlubit dlouh\u00fdma a \u0161t\u00edhl\u00fdma nohama, ur\u010dit\u011b obl\u00e9kn\u011bte krat\u0161\u00ed \u0161aty a dopl\u0148te je o vysok\u00e9 koza\u010dky nad kolena. Zaz\u00e1\u0159\u00edte.                                                                                                                                                                                                                                                                                                                                                                                        4.7\/5 - (8 votes)        "},{"@context":"https:\/\/schema.org\/","@type":"BreadcrumbList","itemListElement":[{"@type":"ListItem","position":1,"name":"I v zim\u011b m\u016f\u017eete chodit \u017eensky obl\u00e9kan\u00e1","item":"https:\/\/www.jasama.cz\/i-v-zime-muzete-chodit-zensky-oblekana\/#breadcrumbitem"}]}]