[{"@context":"https:\/\/schema.org\/","@type":"Article","@id":"https:\/\/www.jasama.cz\/i-predsin-muze-vypadat-reprezentativne\/#Article","mainEntityOfPage":"https:\/\/www.jasama.cz\/i-predsin-muze-vypadat-reprezentativne\/","headline":"I p\u0159eds\u00ed\u0148 m\u016f\u017ee vypadat reprezentativn\u011b","name":"I p\u0159eds\u00ed\u0148 m\u016f\u017ee vypadat reprezentativn\u011b","description":"P\u0159eds\u00ed\u0148 p\u0159ich\u00e1z\u00ed jako\u017eto pr\u016fchoz\u00ed m\u00edstnost na \u0159adu p\u0159i za\u0159izov\u00e1n\u00ed mnohdy a\u017e jako posledn\u00ed. U spousty dom\u00e1cnost\u00ed pak m\u016f\u017eeme vid\u011bt nezbytn\u00fd [&hellip;]","datePublished":"2021-03-16","dateModified":"2021-03-16","author":{"@type":"Person","@id":"https:\/\/www.jasama.cz\/author\/#Person","name":"","url":"https:\/\/www.jasama.cz\/author\/","identifier":1,"image":{"@type":"ImageObject","@id":"https:\/\/secure.gravatar.com\/avatar\/87132efef9f5972c3e770e1fb0907fb3dcc1311f82da5f30bffbae0bd81cf8c0?s=96&d=mm&r=g","url":"https:\/\/secure.gravatar.com\/avatar\/87132efef9f5972c3e770e1fb0907fb3dcc1311f82da5f30bffbae0bd81cf8c0?s=96&d=mm&r=g","height":96,"width":96}},"publisher":{"@type":"Organization","name":"jasama.cz","logo":{"@type":"ImageObject","@id":"\/logo.png","url":"\/logo.png","width":600,"height":60}},"image":{"@type":"ImageObject","@id":"https:\/\/www.jasama.cz\/wp-content\/uploads\/chytr%C3%BD%20v%C4%9B%C5%A1%C3%A1k.jpg","url":"https:\/\/www.jasama.cz\/wp-content\/uploads\/chytr%C3%BD%20v%C4%9B%C5%A1%C3%A1k.jpg","height":0,"width":0},"url":"https:\/\/www.jasama.cz\/i-predsin-muze-vypadat-reprezentativne\/","about":["V\u00fdrobky"],"wordCount":427,"articleBody":"   P\u0159eds\u00ed\u0148 p\u0159ich\u00e1z\u00ed jako\u017eto pr\u016fchoz\u00ed m\u00edstnost na \u0159adu p\u0159i za\u0159izov\u00e1n\u00ed mnohdy a\u017e jako posledn\u00ed. U spousty dom\u00e1cnost\u00ed pak m\u016f\u017eeme vid\u011bt nezbytn\u00fd n\u00e1bytek a n\u011bkolik v\u011b\u0161\u00e1k\u016f na odlo\u017een\u00ed svr\u0161k\u016f. I kdy\u017e je pro mnoh\u00e9 tento prostor ned\u016fle\u017eit\u00fd, je to mnohdy prvn\u00ed, co p\u0159\u00edpadn\u00e1 n\u00e1v\u0161t\u011bva uvid\u00ed. Vstupn\u00ed prostory jsou tak velmi \u010dasto tmav\u00fdm a nevyt\u00e1p\u011bn\u00fdm prostorem, kde si p\u0159\u00edchoz\u00ed rychle odlo\u017e\u00ed kab\u00e1t nebo bundu a d\u00e9le se zde nezdr\u017euj\u00ed. P\u0159itom i tyto tmav\u00e9 prostory si zaslou\u017e\u00ed trochu pozornosti. Za\u0159\u00eddit \u00fatuln\u011b a vkusn\u011b p\u0159eds\u00ed\u0148 nen\u00ed a\u017e tak slo\u017eit\u00e9, jak se na prvn\u00ed pohled m\u016f\u017ee zd\u00e1t. Sta\u010d\u00ed jen p\u00e1r osv\u011bd\u010den\u00fdch rad a trik\u016f a va\u0161e vstupn\u00ed prostory se budou m\u011bnit pod rukama. Po otev\u0159en\u00ed dve\u0159\u00ed\u2026Vstupn\u00ed prostory p\u0159edstavuj\u00ed prvn\u00ed kontakt s domovem hned po vstupu. Odkl\u00e1d\u00e1me zde kab\u00e1ty, bundy a kl\u00ed\u010de, vyzouv\u00e1me boty, v\u00edce se ale zde nezdr\u017eujeme. V mnoh\u00fdch p\u0159\u00edpadech se jedn\u00e1 o st\u00edsn\u011bn\u00fd tmav\u00fd prostor, do kter\u00e9ho se vt\u00edsn\u00ed pouze minimum v\u011bc\u00ed. Je tak d\u016fle\u017eit\u00e9 vyu\u017e\u00edt doslova ka\u017ed\u00fd centimetr \u010dtvere\u010dn\u00ed. I p\u0159esto je mo\u017en\u00e9 vytvo\u0159it funk\u010dn\u00ed prostor, kter\u00fd bude v\u0161ak lahodit i lidsk\u00e9mu oku. P\u0159i za\u0159izov\u00e1n\u00ed je pot\u0159eba ct\u00edt dispozici m\u00edstnosti, zam\u011b\u0159it se na po\u010det osob v dom\u00e1cnosti a \u010detnost n\u00e1v\u0161t\u011bv. V\u0161echny tyto faktory hraj\u00ed d\u016fle\u017eitou roli p\u0159i n\u00e1vrhu.Je na pov\u00e1\u017eenou, zda do vstupn\u00edch prostor um\u00edstit i \u0161atn\u00ed sk\u0159\u00ed\u0148, na kterou v mal\u00fdch m\u00edstnostech u\u017e prostor nezb\u00fdv\u00e1. V takov\u00e9m p\u0159\u00edpad\u011b nejsou od v\u011bci vestav\u011bn\u00e9 sk\u0159\u00edn\u011b na m\u00edru, kter\u00e9 mohou naplno vyu\u017e\u00edt i mal\u00e9 prostory nebo vysok\u00e9 stropy. Na horn\u00ed sk\u0159\u00ed\u0148ky sice nikdo nedos\u00e1hne, za to se v nich dob\u0159e uschov\u00e1 sez\u00f3nn\u00ed oble\u010den\u00ed a dal\u0161\u00ed nezbytnosti, kter\u00e9 se v\u0161ak pou\u017e\u00edvaj\u00ed jen p\u0159\u00edle\u017eitostn\u011b.Z\u00e1kladn\u00edm vybaven\u00edm by m\u011bl b\u00fdt n\u011bjak\u00fd prvek na odlo\u017een\u00ed v\u0161ech svr\u0161k\u016f a \u0161ikovn\u00fd botn\u00edk, kter\u00fd sv\u00fdmi p\u016fdorysn\u00fdmi rozm\u011bry nebude kolemjdouc\u00edm p\u0159\u00edli\u0161 p\u0159ek\u00e1\u017eet. Nezapom\u00ednejte ani na zrcadlo, kter\u00e9 m\u016f\u017ee nav\u00edc i opticky zv\u011bt\u0161it cel\u00fd prostor.                                                                                                                                                                                                                                                                                                                                                                                           4.5\/5 - (2 votes)        "},{"@context":"https:\/\/schema.org\/","@type":"BreadcrumbList","itemListElement":[{"@type":"ListItem","position":1,"name":"I p\u0159eds\u00ed\u0148 m\u016f\u017ee vypadat reprezentativn\u011b","item":"https:\/\/www.jasama.cz\/i-predsin-muze-vypadat-reprezentativne\/#breadcrumbitem"}]}]